{"id":3632,"date":"2025-04-03T23:53:52","date_gmt":"2025-04-03T20:53:52","guid":{"rendered":"https:\/\/aeno.com\/blog\/?p=3632"},"modified":"2025-04-03T23:54:00","modified_gmt":"2025-04-03T20:54:00","slug":"jak-pecovat-o-vlasy-trendy-v-peci-o-vlasy-v-roce-2025","status":"publish","type":"post","link":"https:\/\/aeno.com\/blog\/cs\/jak-pecovat-o-vlasy-trendy-v-peci-o-vlasy-v-roce-2025\/","title":{"rendered":"Jak pe\u010dovat o vlasy: trendy v p\u00e9\u010di o vlasy v roce 2025"},"content":{"rendered":"\n<p><em>\u201eSkv\u011bl\u00e9 vlasy jsou nejlep\u0161\u00edm dopl\u0148kem, kter\u00fd m\u016f\u017eete nosit.\u201c &#8211; Ken Paves, kade\u0159n\u00edk<\/em><\/p>\n\n\n\n<p>Mnoho \u017een se jist\u011b shodne na tom, \u017ee bez ohledu na v\u00e1\u0161 dokonal\u00fd outfit nebo bezchybn\u00fd make-up, bez upraven\u00fdch vlas\u016f se nikdy nebudete c\u00edtit stoprocentn\u011b. Jsme tu, abychom se s v\u00e1mi pod\u011blili o v\u0161echny tipy na zdrav\u00e9 vlasy.<\/p>\n\n\n\n<p>V roce 2025 je nad\u00e1le trendem p\u0159irozen\u00e9 kr\u00e1sn\u00e9 a zdrav\u00e9 vlasy. Co\u017e vy\u017eaduje individu\u00e1ln\u00edm p\u0159\u00edstup ke ka\u017ed\u00e9mu typu vlas\u016f. Odborn\u00edci v\u00e1m pomohou vybrat ty nej\u00fa\u010dinn\u011bj\u0161\u00ed strategie, kter\u00e9 budou pro va\u0161e vlasy fungovat, od obvykl\u00fdch metod a\u017e po nejnov\u011bj\u0161\u00ed technologie.<\/p>\n\n\n\n<h2 id=\"mene-je-vice\" class=\"wp-block-heading\"><strong>M\u00e9n\u011b je v\u00edce<\/strong><\/h2>\n\n\n\n<p>Trend \u201em\u00e9n\u011b je v\u00edce\u201c v p\u00e9\u010di o vlasy klade d\u016fraz na minimalistick\u00e9 a \u00fa\u010dinn\u00e9 zp\u016fsoby, jak zajistit zdrav\u011bj\u0161\u00ed vlasy. Spo\u010d\u00edv\u00e1 v pou\u017e\u00edv\u00e1n\u00ed men\u0161\u00edho po\u010dtu produkt\u016f, ale s kvalitn\u011bj\u0161\u00edm slo\u017een\u00edm. Hlavn\u00ed my\u0161lenkou je opustit voln\u011b prodejn\u00e9 produkty a p\u0159ej\u00edt na \u010dist\u00e9, bezpe\u010dn\u00e9 p\u0159\u00edpravky s p\u0159\u00edrodn\u00edmi slo\u017ekami, jako jsou rostlinn\u00e9 oleje, keratin a vitam\u00edny. P\u0159i tomto p\u0159\u00edstupu nen\u00ed d\u016fle\u017eit\u00e9 mno\u017estv\u00ed, ale kvalita p\u00e9\u010de. Spot\u0159ebitel\u00e9 si vyb\u00edraj\u00ed v\u00fdrobky bez sulf\u00e1t\u016f, paraben\u016f a agresivn\u00edch chemick\u00fdch l\u00e1tek, kter\u00e9 podporuj\u00ed zdrav\u00ed vlas\u016f a poko\u017eky hlavy.<\/p>\n\n\n\n<ul class=\"wp-block-list\">\n<li>Rahua Classic Shampoo je odborn\u00edky doporu\u010dov\u00e1n jako p\u0159\u00edpravek bez sulf\u00e1t\u016f a silikon\u016f, vyroben\u00fd na b\u00e1zi organick\u00fdch olej\u016f, kter\u00e9 obnovuj\u00ed vlasy, ani\u017e by je zat\u011b\u017eovaly. Tento v\u00fdrobek \u010dasto doporu\u010duje stylista Tom Smith pro jeho \u010dist\u00e9 slo\u017een\u00ed a \u00fa\u010dinnost.<\/li>\n\n\n\n<li>Kevin Murphy Angel Wash je \u010distic\u00ed \u0161ampon, kter\u00fd obsahuje p\u0159\u00edrodn\u00ed antioxidanty a neobsahuje drsn\u00e9 chemick\u00e9 l\u00e1tky. Tento v\u00fdrobek, kter\u00fd doporu\u010duje Sarah Lund, je vhodn\u00fd pro jemn\u00e9 vlasy a minimalizuje pou\u017eit\u00ed zbyte\u010dn\u00fdch slo\u017eek.<\/li>\n<\/ul>\n\n\n\n<figure class=\"wp-block-image size-large is-style-rounded\"><img decoding=\"async\" src=\"https:\/\/aeno.com\/blog\/wp-content\/uploads\/2024\/10\/234.png\" alt=\"\"\/><\/figure>\n\n\n\n<h2 id=\"playful-pieces\" class=\"wp-block-heading\"><strong>Playful Pieces<\/strong><\/h2>\n\n\n\n<p>Trendem v roce 2025 je &#8220;hrav\u00fd vzhled vlas\u016f\u201c, kter\u00fd se zam\u011b\u0159uje na le\u017e\u00e9rn\u00ed, ale zaj\u00edmav\u00e9 stylov\u00e9 prvky. Hrav\u00e9 prameny, asymetrie a le\u017e\u00e9rnost vytv\u00e1\u0159\u00ed stylov\u00fd vzhled, jakoby \u201erozcuchan\u00fd, ale schv\u00e1ln\u011b\u201c. Stylist\u00e9 doporu\u010duj\u00ed pou\u017e\u00edvat texturiza\u010dn\u00ed produkty, kter\u00e9 zd\u016frazn\u00ed p\u0159irozen\u00fd pohyb a dynamiku vlas\u016f.<\/p>\n\n\n\n<ul class=\"wp-block-list\">\n<li>Stylistka Arden Fanning Andrews doporu\u010duje such\u00fd texturiza\u010dn\u00ed sprej Oribe, kter\u00fd dod\u00e1 vlas\u016fm texturu a lehkost.<\/li>\n\n\n\n<li>Emi Jay Dream Cr\u00e8me od Irene Kim dod\u00e1v\u00e1 hladkost a lehk\u00fd lesk p\u0159i zachov\u00e1n\u00ed objemu.<\/li>\n<\/ul>\n\n\n\n<p>Tyto produkty dod\u00e1vaj\u00ed vlas\u016fm objem a texturu ide\u00e1ln\u00ed pro tento trend.<\/p>\n\n\n\n<h3 id=\"trend-glass-hair\" class=\"wp-block-heading\"><strong>Trend \u201eGlass Hair&#8221;<\/strong><\/h3>\n\n\n\n<p>Trend \u201eGlass Hair\u201c je top d\u00edky sv\u00e9mu luxusn\u00edmu, leskl\u00e9mu vzhledu. Jde o to udr\u017eet d\u00e9lku vlas\u016f ve zdrav\u00e9m stavu, ani\u017e by bylo nutn\u00e9 zast\u0159ih\u00e1vat kone\u010dky.<\/p>\n\n\n\n<p>Stylista Jay Birmingham, zn\u00e1m\u00fd prac\u00ed s klienty z \u0159ad celebrit, vysv\u011btluje: \u201eGlass Hair vlasy jsou p\u0159edev\u0161\u00edm o zdrav\u00ed a lesku vlas\u016f. Tento trend je st\u00e1le aktu\u00e1ln\u00ed, proto\u017ee dok\u00e1\u017ee vlas\u016fm dodat luxusn\u00ed vzhled.\u201c Podle n\u011bj tento styl nejl\u00e9pe vypad\u00e1 na st\u0159edn\u011b dlouh\u00fdch a dlouh\u00fdch \u00fa\u010desech, kde je lesk a hladkost vlas\u016f nejz\u0159eteln\u011bj\u0161\u00ed. Pro dosa\u017een\u00ed efektu \u201eGlass Hair\u201c doporu\u010duje stylista pou\u017e\u00edvat sprej K\u00e9rastase Discipline Fluidissime, kter\u00fd vlasy uhlad\u00ed a dod\u00e1 jim lesk.<\/p>\n\n\n\n<ul class=\"wp-block-list\">\n<li>Tom Smith, mezin\u00e1rodn\u00ed reziden\u010dn\u00ed um\u011blec spole\u010dnosti Billi Currie, dod\u00e1v\u00e1: \u201e\u00da\u010desy jsou velmi kvalitn\u00ed, a proto je t\u0159eba je upravovat: \u201eTento trend lze realizovat pomoc\u00ed masek a kondicion\u00e9r\u016f, stejn\u011b jako kosmetick\u00fdch sprej\u016f, kter\u00e9 dodaj\u00ed vlas\u016fm lesk.\u201c Doporu\u010duje pou\u017e\u00edvat vy\u017eivuj\u00edc\u00ed olej na vlasy Oribe Gold Lust, kter\u00fd zajist\u00ed dlouhotrvaj\u00edc\u00ed lesk a hebkost, ani\u017e by vlasy zat\u00ed\u017eil.<\/li>\n\n\n\n<li>Renomovan\u00e1 vlasov\u00e1 expertka Jen Atkinov\u00e1, zn\u00e1m\u00e1 svou prac\u00ed s celebritami, jako jsou Kim Kardashian, Hailey Bieber a Kendall Jenner, je zast\u00e1nkyn\u00ed \u0159ady kondicion\u00e9r\u016f a masek OUAI.<\/li>\n\n\n\n<li>Stylista Garren, proslul\u00fd sv\u00fdmi jedine\u010dn\u00fdmi stylingov\u00fdmi technikami, doporu\u010duje kondicion\u00e9ry a masky z profesion\u00e1ln\u00ed produktov\u00e9 \u0159ady R+Co Healthline.<\/li>\n<\/ul>\n\n\n\n<h3 id=\"spravny-vyber\" class=\"wp-block-heading\"><strong>Spr\u00e1vn\u00fd v\u00fdb\u011br<\/strong><\/h3>\n\n\n\n<p>Jak spr\u00e1vn\u011b vybrat vlasov\u00e9 dopl\u0148ky? D\u016fle\u017eit\u00e9 jsou mali\u010dkosti je kart\u00e1\u010d na vlasy, proto\u017ee spr\u00e1vn\u00fd kart\u00e1\u010d m\u00e1 velk\u00fd vliv na stav va\u0161ich vlas\u016f. Videa \u201eSpr\u00e1vn\u00fd kart\u00e1\u010d na vlasy\u201c jsou na internetu st\u00e1le popul\u00e1rn\u011bj\u0161\u00ed, proto\u017ee lid\u00e9 v\u011bnuj\u00ed pozornost detail\u016fm p\u00e9\u010de o vlasy. Nap\u0159\u00edklad kart\u00e1\u010de s p\u0159\u00edrodn\u00edmi \u0161t\u011btinami zlep\u0161uj\u00ed krevn\u00ed ob\u011bh a rovnom\u011brn\u011b rozv\u00e1d\u011bj\u00ed p\u0159\u00edrodn\u00ed oleje po cel\u00e9 d\u00e9lce vlas\u016f, tak\u017ee jsou hladk\u00e9 a leskl\u00e9. Speci\u00e1ln\u00ed kart\u00e1\u010de na roz\u010des\u00e1v\u00e1n\u00ed mokr\u00fdch vlas\u016f pom\u00e1haj\u00ed zabr\u00e1nit po\u0161kozen\u00ed vlas\u016f p\u0159i ka\u017edodenn\u00edm p\u00e9\u010di.<\/p>\n\n\n\n<ul class=\"wp-block-list\">\n<li>Sarah Lundov\u00e1, odbornice Kevin Murphy, doporu\u010duje kart\u00e1\u010d Mason Pearson Boar Bristle Brush pro uhlazen\u00ed vlas\u016f a stimulaci poko\u017eky hlavy s p\u0159\u00edrodn\u00edmi \u0161t\u011btinami.<\/li>\n\n\n\n<li>Jay Birmingham, britsk\u00fd stylista, doporu\u010duje kart\u00e1\u010d Tangle Teezer Ultimate Detangler pro snadn\u00e9 roz\u010des\u00e1v\u00e1n\u00ed bez po\u0161kozen\u00ed, zejm\u00e9na pro mokr\u00e9 vlasy.<\/li>\n\n\n\n<li>Ken Paves doporu\u010duje kart\u00e1\u010d Wet Brush Pro, kter\u00fd d\u00edky pru\u017en\u00fdm zub\u016fm sni\u017euje l\u00e1mavost vlas\u016f.<\/li>\n<\/ul>\n\n\n\n<figure class=\"wp-block-image size-large is-resized is-style-rounded\"><img decoding=\"async\" src=\"https:\/\/aeno.com\/blog\/wp-content\/uploads\/2024\/10\/34t4.png\" alt=\"\" style=\"width:517px;height:auto\"\/><\/figure>\n\n\n\n<h3 id=\"pece-o-pokozku-hlavy\" class=\"wp-block-heading\"><strong>P\u00e9\u010de o poko\u017eku hlavy<\/strong><\/h3>\n\n\n\n<p>Spot\u0159ebitel\u00e9 si st\u00e1le v\u00edce uv\u011bdomuj\u00ed, \u017ee z\u00e1kladem siln\u00fdch a leskl\u00fdch vlas\u016f je zdrav\u00e1 poko\u017eka hlavy. Hlavn\u00edm trendem tedy z\u016fst\u00e1v\u00e1 zv\u00fd\u0161en\u00fd d\u016fraz na zdrav\u00ed vlasov\u00e9 poko\u017eky, kter\u00e9 je dosa\u017eeno d\u00edky zdrav\u00e9 strav\u011b a dal\u0161\u00edch zp\u016fsob\u016f. P\u00e9\u010de o vlasy se inspiruje trendy ze sv\u011bta Skincare. S t\u00edm, jak lid\u00e9 za\u010dali v\u011bnovat v\u00edce pozornosti stavu a zdrav\u00ed sv\u00fdch vlas\u016f, ne\u017e jen jejich vzhledu, se rychle stalo popul\u00e1rn\u00edm za\u010dle\u0148ov\u00e1n\u00ed slo\u017eek a technik specifick\u00fdch pro p\u00e9\u010di o ple\u0165 do vlasov\u00fdch produkt\u016f, konkr\u00e9tn\u011b aktivn\u00edch slo\u017eek, jako je kyselina hyaluronov\u00e1, peptidy a antioxidanty nebo u\u017e\u00edv\u00e1n\u00ed dopl\u0148k\u016f stravy s biotinem, kter\u00e9 podporuj\u00ed hloubkovou v\u00fd\u017eivu a zdrav\u00fd lesk vlas\u016f. Dermatologov\u00e9 \u010dasto doporu\u010duj\u00ed <strong>dopl\u0148ky pro r\u016fst vlas\u016f Viviscal<\/strong>, proto\u017ee je klinicky prok\u00e1z\u00e1no, \u017ee podporuj\u00ed hust\u0161\u00ed a pln\u011bj\u0161\u00ed vlasy t\u00edm, \u017ee poskytuj\u00ed z\u00e1kladn\u00ed \u017eiviny, jako je biotin, zinek a mo\u0159sk\u00fd komplex, kter\u00e9 podporuj\u00ed zdrav\u00ed vlas\u016f zevnit\u0159.<\/p>\n\n\n\n<ul class=\"wp-block-list\">\n<li>Sara Lundov\u00e1, Education Director zna\u010dky Kevin Murphy, doporu\u010duje pou\u017e\u00edvat Kevin Murphy Scalp Spa Scrub, kter\u00fd \u010dist\u00ed poko\u017eku hlavy a stimuluje zdrav\u00ed vzhled vlas\u016f.<\/li>\n\n\n\n<li>Johnny Ramirez, slavn\u00fd hollywoodsk\u00fd kade\u0159n\u00edk, kter\u00fd spolupracuje s hv\u011bzdami, jako jsou Jessica Alba a Gwyneth Paltrow, doporu\u010duje peelingy na poko\u017eku hlavy Christophe Robin. Tato zna\u010dka je zn\u00e1m\u00e1 sv\u00fdmi vysoce kvalitn\u00edmi v\u00fdrobky pro p\u00e9\u010di o vlasy a jej\u00ed soln\u00fd peeling je ide\u00e1ln\u00ed pro hloubkov\u00e9 \u010di\u0161t\u011bn\u00ed a obnoven\u00ed rovnov\u00e1hy vlasov\u00e9 poko\u017eky.<\/li>\n\n\n\n<li>Sam McKnight, legend\u00e1rn\u00ed stylista, kter\u00fd pracoval na nes\u010detn\u00fdch m\u00f3dn\u00edch p\u0159ehl\u00eddk\u00e1ch a s ikonami, jako jsou princezna Diana a Madonna, doporu\u010duje pou\u017e\u00edvat peelingy Oribe, kter\u00e9 pom\u00e1haj\u00ed odstranit p\u0159ebyte\u010dn\u00fd maz a z\u00e1rove\u0148 vy\u017eivuj\u00ed poko\u017eku hlavy.<\/li>\n<\/ul>\n\n\n\n<figure class=\"wp-block-image size-large is-resized is-style-rounded\"><img decoding=\"async\" src=\"https:\/\/aeno.com\/blog\/wp-content\/uploads\/2024\/10\/54j3.png\" alt=\"\" style=\"width:442px;height:auto\"\/><\/figure>\n\n\n\n<h3 id=\"tuhe-sampony-ekologicka-alternativa\" class=\"wp-block-heading\"><strong>Tuh\u00e9 \u0161ampony: ekologick\u00e1 alternativa<\/strong><\/h3>\n\n\n\n<p>Trend tuh\u00fdch \u0161ampon\u016f st\u00e1le roste, zejm\u00e9na kv\u016fli snaze spot\u0159ebitel\u016f minimalizovat negativn\u00ed dopad na \u017eivotn\u00ed prost\u0159ed\u00ed. Plastov\u00e9 lahve jsou postupn\u011b nahrazov\u00e1ny udr\u017eiteln\u011bj\u0161\u00edmi alternativami, co\u017e pom\u00e1h\u00e1 sni\u017eovat mno\u017estv\u00ed plastov\u00e9ho odpadu ve sv\u011bt\u011b. Trend tuh\u00fdch \u0161ampon\u016f se stal vir\u00e1ln\u00edm hitem na soci\u00e1ln\u00edch s\u00edt\u00edch a na platform\u011b TikTok z\u00edskal v\u00edce ne\u017e 204 milion\u016f zobrazen\u00ed s hashtagem #shampoobar.<\/p>\n\n\n\n<p>Tento v\u00fdrobek nab\u00edz\u00ed pohodl\u00ed, \u00fa\u010dinnost a estetick\u00fd po\u017eitek z pou\u017e\u00edv\u00e1n\u00ed. Hlavn\u00edmi v\u00fdhodami tuh\u00fdch \u0161ampon\u016f jsou absence plastov\u00fdch obal\u016f a pou\u017eit\u00ed minim\u00e1ln\u00edho mno\u017estv\u00ed vody p\u0159i jejich v\u00fdrob\u011b, d\u00edky \u010demu\u017e jsou udr\u017eiteln\u00e9 a \u0161etrn\u00e9 k \u017eivotn\u00edmu prost\u0159ed\u00ed.<\/p>\n\n\n\n<ul class=\"wp-block-list\">\n<li>Stylista Tom Smith poznamen\u00e1v\u00e1: \u201eTuh\u00e9 \u0161ampony jsou \u0161etrn\u00e9 k \u017eivotn\u00edmu prost\u0159ed\u00ed, ale n\u011bkter\u00e9 z nich zanech\u00e1vaj\u00ed ve vlasech pocit vosku a tuhosti.\u201c Doporu\u010duje pou\u017e\u00edvat alternativn\u00ed \u0161ampony, kter\u00e9 zaji\u0161\u0165uj\u00ed rovnov\u00e1hu mezi tuh\u00fdmi a tekut\u00fdmi slo\u017een\u00edmi.<\/li>\n\n\n\n<li>Podle Christine Tsimbule jsou tvrd\u00e9 \u0161ampony ide\u00e1ln\u00ed pro kr\u00e1tk\u00e9 vlasy a skv\u011ble se hod\u00ed na cesty. Dod\u00e1v\u00e1, \u017ee je t\u0159eba je spr\u00e1vn\u011b pou\u017e\u00edvat: um\u00fdt si ruce, rozet\u0159\u00edt p\u0159\u00edpravek na poko\u017eku hlavy a d\u016fkladn\u011b opl\u00e1chnout vlasy.<\/li>\n<\/ul>\n\n\n\n<figure class=\"wp-block-image size-large is-style-rounded\"><img decoding=\"async\" src=\"https:\/\/aeno.com\/blog\/wp-content\/uploads\/2024\/10\/jh67567.png\" alt=\"\"\/><\/figure>\n\n\n\n<h3 id=\"hair-oiling\" class=\"wp-block-heading\"><strong>Hair Oiling<\/strong><\/h3>\n\n\n\n<p>Tato technika p\u00e9\u010de o vlasy se stala jedn\u00edm z trend\u016f p\u00e9\u010de o vlasy v roce 2025 d\u00edky platform\u00e1m, jako je TikTok. Podstatou tohoto trendu je pou\u017e\u00edv\u00e1n\u00ed olej\u016f (kokosov\u00e9ho, aloe, arganov\u00e9ho nebo rozmar\u00fdnov\u00e9ho), kter\u00e9 se aplikuj\u00ed na poko\u017eku hlavy a vlasy, aby je vy\u017eivovaly, hydratovaly a stimulovaly jejich r\u016fst.<\/p>\n\n\n\n<ul class=\"wp-block-list\">\n<li>Tom Smith, stylista, kter\u00fd spolupracuje se zna\u010dkami jako Olaplex a Evo, uv\u00e1d\u00ed, \u017ee oleje vytv\u00e1\u0159ej\u00ed ochrannou bari\u00e9ru pro vlasy, a doporu\u010duje pou\u017e\u00edvat olej Olaplex No.7, kter\u00fd poskytuje vlas\u016fm ochranu a regeneraci.<\/li>\n\n\n\n<li>Christine Cymbuleov\u00e1, zakladatelka lond\u00fdnsk\u00e9ho studia KC, doporu\u010duje opatrnost p\u0159i pou\u017e\u00edv\u00e1n\u00ed olej\u016f, zejm\u00e9na blond\u00fdnk\u00e1m a t\u011bm, kter\u00e9 nos\u00ed prodlou\u017een\u00e9 vlasy, proto\u017ee oleje mohou zm\u011bnit t\u00f3n a zkr\u00e1tit \u017eivotnost prodlou\u017een\u00fdch vlas\u016f, a doporu\u010duje pou\u017e\u00edvat leh\u010d\u00ed produkty, jako je K\u00e9rastase Elixir Ultime, pro jemn\u011bj\u0161\u00ed v\u00fd\u017eivu.<\/li>\n<\/ul>\n\n\n\n<p><strong>V\u00fdhody Hair Oiling<\/strong><\/p>\n\n\n\n<ul class=\"wp-block-list\">\n<li>Vy\u017eivuj\u00edc\u00ed a hydrata\u010dn\u00ed \u00fa\u010dinky: Oleje nasycuj\u00ed vlasy pot\u0159ebn\u00fdmi prvky.<\/li>\n\n\n\n<li>Ochrana p\u0159ed po\u0161kozen\u00edm: Vytv\u00e1\u0159ej\u00ed ochrannou vrstvu, kter\u00e1 minimalizuje vliv negativn\u00edch faktor\u016f.<\/li>\n\n\n\n<li>Stimulace r\u016fstu: Pravideln\u00e9 olejov\u00e1n\u00ed zlep\u0161uje prokrven\u00ed vlasov\u00e9 poko\u017eky a stimuluje r\u016fst vlas\u016f.<\/li>\n<\/ul>\n\n\n\n<p>Navzdory v\u00fdhod\u00e1m odborn\u00edci doporu\u010duj\u00ed pe\u010dliv\u011b vyb\u00edrat oleje podle typu vlas\u016f a d\u016fkladn\u011b vlasy m\u00fdt, aby se p\u0159ede\u0161lo ne\u017e\u00e1douc\u00edm \u00fa\u010dink\u016fm.<\/p>\n\n\n\n<h3 id=\"heatless-curls\" class=\"wp-block-heading\"><strong>Heatless Curls<\/strong><\/h3>\n\n\n\n<p>Jedn\u00e1 se o techniku vytv\u00e1\u0159en\u00ed vln bez pou\u017eit\u00ed tepla, kter\u00e1 si z\u00edsk\u00e1v\u00e1 oblibu d\u00edky sv\u00e9 bezpe\u010dnosti pro vlasy.<\/p>\n\n\n\n<ul class=\"wp-block-list\">\n<li>Sarah Lundov\u00e1, stylistka a Education Director zna\u010dky Kevin Murphy, zd\u016fraz\u0148uje, \u017ee kulmy bez pou\u017eit\u00ed tepla jsou ide\u00e1ln\u00ed pro zachov\u00e1n\u00ed zdrav\u00fdch vlas\u016f, proto\u017ee nepo\u0161kozuj\u00ed jejich strukturu jako hork\u00e9 n\u00e1stroje. Lundov\u00e1 doporu\u010duje pou\u017e\u00edvat p\u011bnu Kevin Murphy Body Builder Mousse pro v\u011bt\u0161\u00ed objem a dlouhotrvaj\u00edc\u00ed v\u00fdsledky.<\/li>\n\n\n\n<li>Guy Teng, kade\u0159n\u00edk a stylista s milionem sleduj\u00edc\u00edch na YouTube, tak\u00e9 doporu\u010duje bezteplotn\u00ed techniku pro ty, kte\u0159\u00ed si cht\u011bj\u00ed udr\u017eet objem a lokny po del\u0161\u00ed dobu bez po\u0161kozen\u00ed vlas\u016f a doporu\u010duje pou\u017e\u00edvat Ouai Wave Spray nebo IGK Rich Kid Coconut Oil Gel pro dosa\u017een\u00ed jemn\u00fdch, kr\u00e1sn\u00fdch a p\u0159irozen\u00fdch loken.<\/li>\n<\/ul>\n\n\n\n<p>Oba produkty poskytuj\u00ed lokny bez po\u0161kozen\u00ed vlas\u016f d\u00edky p\u0159\u00edrodn\u00edm slo\u017ek\u00e1m.<\/p>\n\n\n\n<figure class=\"wp-block-image size-large is-style-rounded\"><img decoding=\"async\" src=\"https:\/\/aeno.com\/blog\/wp-content\/uploads\/2024\/10\/err43.png\" alt=\"\"\/><\/figure>\n\n\n\n<h3 id=\"trendy-produktu-na-vlasy\" class=\"wp-block-heading\"><strong>Trendy produkt\u016f na vlasy<\/strong><\/h3>\n\n\n\n<p>V roce 2025 budou v\u00fdrobky pro p\u00e9\u010di o vlasy obsahovat n\u011bkolik trendov\u00fdch slo\u017eek pro zdrav\u00ed a udr\u017eitelnost.<\/p>\n\n\n\n<ul class=\"wp-block-list\">\n<li><strong>Alternativy keratinu na rostlinn\u00e9 b\u00e1zi<\/strong> poskytuj\u00ed vegansk\u00e9, ekologick\u00e9 \u0159e\u0161en\u00ed pro pos\u00edlen\u00ed vlas\u016f bez syntetick\u00fdch slou\u010denin.<\/li>\n\n\n\n<li>Pro hloubkovou v\u00fd\u017eivu a p\u00e9\u010di o poko\u017eku hlavy budou pou\u017eity l\u00e9ka\u0159sky schv\u00e1len\u00e9 <strong>fermentovan\u00e9 slo\u017eky<\/strong>, jako je zelen\u00e1 k\u00e1va a ovocn\u00e9 kyseliny, kter\u00e9 podporuj\u00ed r\u016fst a vitalitu.<\/li>\n\n\n\n<li><strong>Kyselina hyaluronov\u00e1<\/strong> bude tak\u00e9 hr\u00e1t kl\u00ed\u010dovou roli p\u0159i hydrataci vlas\u016f, uzamyk\u00e1n\u00ed hydratace a prevenci jejich vysu\u0161ov\u00e1n\u00ed.<\/li>\n\n\n\n<li><strong>Alternativy silikon\u016f na b\u00e1zi jojoby<\/strong> nahrad\u00ed tradi\u010dn\u00ed silikony a nab\u00eddnou vyhlazen\u00ed bez tvorby n\u00e1nos\u016f. Antioxidanty, jako je vitamin E, a p\u0159\u00edrodn\u00ed oleje nav\u00edc ochr\u00e1n\u00ed vlasy p\u0159ed po\u0161kozen\u00edm vlivem prost\u0159ed\u00ed a zajist\u00ed jejich dlouhodob\u00e9 zdrav\u00ed.<\/li>\n<\/ul>\n\n\n\n<p>Tyto slo\u017eky podtrhuj\u00ed rostouc\u00ed trend sm\u011brem k \u010distot\u011b a nab\u00edzej\u00ed r\u016fzn\u00e9 zp\u016fsoby, jak m\u00edt zdrav\u011bj\u0161\u00ed vlasy.<\/p>\n\n\n\n<ul class=\"wp-block-list\">\n<li>Kade\u0159n\u00edk Tom Smith doporu\u010duje kyselinu hyaluronovou pro hloubkovou hydrataci vlas\u016f. Ta pom\u00e1h\u00e1 udr\u017eovat vlhkost a zabra\u0148uje vysu\u0161ov\u00e1n\u00ed, co\u017e je d\u016fle\u017eit\u00e9 pro udr\u017een\u00ed zdrav\u00ed vlas\u016f.<\/li>\n\n\n\n<li>Sara Lundov\u00e1, odbornice na zna\u010dku Kevin Murphy, rad\u00ed pou\u017e\u00edvat rostlinn\u00fd keratin &#8211; ekologickou alternativu pro pos\u00edlen\u00ed vlas\u016f bez \u017eivo\u010di\u0161n\u00fdch slo\u017eek.<\/li>\n\n\n\n<li>Jay Birmingham, britsk\u00fd stylista, doporu\u010duje antioxidanty, jako je vitamin E, kter\u00e9 chr\u00e1n\u00ed vlasy p\u0159ed vlivem prost\u0159ed\u00ed a bojuj\u00ed proti po\u0161kozen\u00ed.<\/li>\n<\/ul>\n\n\n\n<figure class=\"wp-block-image size-large is-style-rounded\"><img decoding=\"async\" src=\"https:\/\/aeno.com\/blog\/wp-content\/uploads\/2024\/10\/de4456.png\" alt=\"\"\/><\/figure>\n\n\n\n<h3 id=\"tepelna-ochrana-a-vnejsi-faktory\" class=\"wp-block-heading\"><strong>Tepeln\u00e1 ochrana a vn\u011bj\u0161\u00ed faktory<\/strong><\/h3>\n\n\n\n<p>Ochrana p\u0159ed vn\u011bj\u0161\u00edmi faktory je trend zam\u011b\u0159en\u00fd na ochranu vlas\u016f p\u0159ed \u0161kodliv\u00fdmi \u00fa\u010dinky vysok\u00fdch teplot a agresivn\u00edch vn\u011bj\u0161\u00edch podm\u00ednek, jako jsou ultrafialov\u00e9 slune\u010dn\u00ed paprsky, zne\u010di\u0161t\u011bn\u00ed a vlhkost. Teplo z f\u00e9nu, \u017eehli\u010dky nebo kulmy m\u016f\u017ee po\u0161kodit strukturu vlas\u016f a zp\u016fsobit jejich l\u00e1mavost a vysu\u0161en\u00ed. D\u00edky pravideln\u00e9mu pou\u017e\u00edv\u00e1n\u00ed speci\u00e1ln\u00edch p\u0159\u00edpravk\u016f budou vlasy siln\u011bj\u0161\u00ed, lesklej\u0161\u00ed a odoln\u011bj\u0161\u00ed v\u016f\u010di po\u0161kozen\u00ed.<\/p>\n\n\n\n<ul class=\"wp-block-list\">\n<li>Tom Smith doporu\u010duje pou\u017e\u00edvat olej Olaplex No. 7, kter\u00fd poskytuje ochranu p\u0159ed teplem a\u017e do 230 \u00b0C.<\/li>\n\n\n\n<li>Jay Birmingham doporu\u010duje GHD Heat Protect Spray, kter\u00fd vytv\u00e1\u0159\u00ed bari\u00e9ru mezi vlasy a teplem a udr\u017euje je zdrav\u00e9.<\/li>\n\n\n\n<li>Chris Appleton je stylistou hv\u011bzd, jako jsou Jennifer Lopez a Dua Lipa. Doporu\u010duje tepelnou ochranu od spole\u010dnosti Color Wow, v\u010detn\u011b jejich slavn\u00e9ho Dream Coat, kter\u00fd chr\u00e1n\u00ed p\u0159ed teplem, dod\u00e1v\u00e1 lesk a pom\u00e1h\u00e1 bojovat proti krepat\u011bn\u00ed.<\/li>\n<\/ul>\n\n\n\n<p>Jedn\u00edm z hlavn\u00edch aspekt\u016f tepeln\u00e9 ochrany je spr\u00e1vn\u00e9 vysou\u0161en\u00ed vlas\u016f. Odborn\u00edci doporu\u010duj\u00ed pou\u017e\u00edvat f\u00e9ny p\u0159i n\u00edzk\u00fdch nebo st\u0159edn\u00edch teplot\u00e1ch, aby nedoch\u00e1zelo k p\u0159eh\u0159\u00edv\u00e1n\u00ed vlas\u016f, a d\u00e1vat p\u0159ednost spolehliv\u00fdm v\u00fdrobc\u016fm.<\/p>\n\n\n\n<h3 id=\"nove-technologie-a-inovace-v-oblasti-vysouseni-vlasu\" class=\"wp-block-heading\"><strong>Nov\u00e9 technologie a inovace v oblasti vysou\u0161en\u00ed vlas\u016f<\/strong><\/h3>\n\n\n\n<p>Modern\u00ed technologie vysou\u0161en\u00ed vlas\u016f nab\u00edzej\u00ed rychlej\u0161\u00ed dobu vysou\u0161en\u00ed, lep\u0161\u00ed zdrav\u00ed vlas\u016f a v\u011bt\u0161\u00ed pohodl\u00ed pro u\u017eivatele. Nejnov\u011bj\u0161\u00edm p\u0159\u00edkladem t\u00e9to inovace je f\u00e9n AENO, kter\u00fd d\u00edky \u0161pi\u010dkov\u00fdm funkc\u00edm nov\u011b definuje p\u00e9\u010di o vlasy. Nejedn\u00e1 se pouze o vysou\u0161e\u010d vlas\u016f &#8211; je to komplexn\u00ed \u0159e\u0161en\u00ed p\u00e9\u010de o vlasy vybaven\u00e9 pokro\u010dilou technologi\u00ed, kter\u00e1 zaji\u0161\u0165uje lep\u0161\u00ed v\u00fdsledky s minim\u00e1ln\u00edm \u00fasil\u00edm.<\/p>\n\n\n\n<figure class=\"wp-block-image size-large is-resized is-style-rounded\"><img decoding=\"async\" src=\"https:\/\/aeno.com\/blog\/wp-content\/uploads\/2024\/10\/3e4rfs.png\" alt=\"\" style=\"width:530px;height:auto\"\/><\/figure>\n\n\n\n<h3 id=\"iontove-a-infracervene-technologie\" class=\"wp-block-heading\"><strong>Iontov\u00e9 a infra\u010derven\u00e9 technologie<\/strong><\/h3>\n\n\n\n<p>Inovativn\u00ed vysou\u0161e\u010de vlas\u016f, jako jsou ty od spole\u010dnosti AENO, kombinuj\u00ed n\u011bkolik technologi\u00ed, kter\u00e9 zaji\u0161\u0165uj\u00ed vynikaj\u00edc\u00ed v\u00fdkon. Iontov\u00e1 technologie pom\u00e1h\u00e1 rozkl\u00e1dat molekuly vody, \u010d\u00edm\u017e urychluje proces vysou\u0161en\u00ed a z\u00e1rove\u0148 uzamyk\u00e1 vlhkost, kter\u00e1 je nezbytn\u00e1 pro zdrav\u00e9 a hydratovan\u00e9 vlasy. Technologie InfraCare pou\u017e\u00edvan\u00e1 ve vysou\u0161e\u010d\u00edch AENO vyu\u017e\u00edv\u00e1 infra\u010derven\u00e9 sv\u011btlo, kter\u00e9 zkracuje dobu vysou\u0161en\u00ed a zlep\u0161uje zadr\u017eov\u00e1n\u00ed vlhkosti, \u010d\u00edm\u017e podporuje hlad\u0161\u00ed a lesklej\u0161\u00ed vlasy. D\u00edky tomuto p\u0159\u00edstupu je k vlas\u016fm \u0161etrn\u011bj\u0161\u00ed, co\u017e minimalizuje riziko po\u0161kozen\u00ed, zat\u00edmco vysok\u00e1 rychlost proud\u011bn\u00ed vzduchu 86 km\/h zaji\u0161\u0165uje rychl\u00fd a \u00fa\u010dinn\u00fd styling.<\/p>\n\n\n\n<h3 id=\"pece-o-vlasy-pohanena-umelou-inteligenci\" class=\"wp-block-heading\"><strong>P\u00e9\u010de o vlasy poh\u00e1n\u011bn\u00e1 um\u011blou inteligenc\u00ed<\/strong><\/h3>\n\n\n\n<p>Jednou z v\u00fdrazn\u00fdch vlastnost\u00ed f\u00e9nu AENO je integrace um\u011bl\u00e9 inteligence. Technologie AI Gravity automaticky sni\u017euje rychlost, kdy\u017e f\u00e9n p\u0159ibl\u00ed\u017e\u00edte poko\u017ece hlavy a AI Temperature Control upravuje teplo na z\u00e1klad\u011b vzd\u00e1lenosti vlas\u016f, aby se zabr\u00e1nilo jejich po\u0161kozen\u00ed a zachovala se celistvost vlas\u016f. Technologie AI Distance Protection vyu\u017e\u00edvaj\u00edc\u00ed infra\u010derven\u00e9 senzory zaji\u0161\u0165uje bezpe\u010dn\u00e9 pou\u017e\u00edv\u00e1n\u00ed t\u00edm, \u017ee m\u011b\u0159\u00ed vzd\u00e1lenost a zabra\u0148uje p\u0159eh\u0159\u00e1t\u00ed, tak\u017ee je ide\u00e1ln\u00ed pro v\u0161echny typy vlas\u016f.<\/p>\n\n\n\n<h3 id=\"ergonomicky-design-a-nizka-hladina-hluku\" class=\"wp-block-heading\"><strong>Ergonomick\u00fd design a n\u00edzk\u00e1 hladina hluku<\/strong><\/h3>\n\n\n\n<p>D\u016fle\u017eitou roli v designu f\u00e9nu AENO hraje tak\u00e9 ergonomie &#8211; f\u00e9n v\u00e1\u017e\u00ed pouh\u00fdch 560 g, tak\u017ee se s n\u00edm snadno manipuluje i p\u0159i dlouh\u00e9m stylingu. D\u00edky tich\u00e9mu provozu je ide\u00e1ln\u00ed pro pou\u017eit\u00ed kdykoli b\u011bhem dne, ani\u017e by ru\u0161il okol\u00ed.<\/p>\n\n\n\n<h3 id=\"udrzitelnost-a-odolnost\" class=\"wp-block-heading\"><strong>Udr\u017eitelnost a odolnost<\/strong><\/h3>\n\n\n\n<p>Ekologick\u00e9 vlastnosti jsou st\u00e1le d\u016fle\u017eit\u011bj\u0161\u00ed. F\u00e9n AENO je vyroben s odoln\u00fdm BLDC motorem, kter\u00fd zaji\u0161\u0165uje dlouhotrvaj\u00edc\u00ed v\u00fdkon. Je vhodn\u00fd pro dom\u00e1c\u00ed pou\u017eit\u00ed i profesion\u00e1ln\u00ed salony. V kombinaci s n\u011bkolika magnetick\u00fdmi n\u00e1stavci pro v\u0161estrann\u00fd styling poskytuje celou sadu mo\u017enost\u00ed pro jak\u00fdkoli \u00fa\u010des.<\/p>\n\n\n\n<p>D\u00edky inteligentn\u00edm funkc\u00edm, siln\u00e9mu v\u00fdkonu a designu zam\u011b\u0159en\u00e9mu na u\u017eivatelsk\u00fd komfort p\u0159edstavuje tento f\u00e9n novou generaci technologie p\u00e9\u010de o vlasy. Tento p\u0159\u00edstroj jde nad r\u00e1mec tradi\u010dn\u00edho vysou\u0161en\u00ed a nab\u00edz\u00ed zdrav\u011bj\u0161\u00ed a \u00fa\u010dinn\u011bj\u0161\u00ed p\u0159\u00edstup vysou\u0161en\u00ed vlas\u016f.<\/p>\n\n\n\n<p>V roce 2025 se trendy v p\u00e9\u010di o vlasy zam\u011b\u0159uj\u00ed na p\u0159\u00edrodn\u00ed slo\u017eky, udr\u017eitelnost a nejmodern\u011bj\u0161\u00ed technologie. Spot\u0159ebitel\u00e9 se st\u00e1le v\u00edce sna\u017e\u00ed pou\u017e\u00edvat v\u00fdrobky s bezpe\u010dn\u00fdmi a p\u0159\u00edrodn\u00edmi slo\u017ekami, kter\u00e9 maj\u00ed pozitivn\u00ed vliv na zdrav\u00ed vlas\u016f a \u017eivotn\u00ed prost\u0159ed\u00ed. D\u016fraz je kladen na minimalismus &#8211; m\u00e9n\u011b v\u00fdrobk\u016f, ale vy\u0161\u0161\u00ed kvality. Roste tak\u00e9 z\u00e1jem o inovativn\u00ed n\u00e1stroje, kter\u00e9 chr\u00e1n\u00ed vlasy p\u0159ed po\u0161kozen\u00edm a usnad\u0148uj\u00ed ka\u017edodenn\u00ed p\u00e9\u010di. Inovativn\u00ed technologie, jako je um\u011bl\u00e1 inteligence a infra\u010derven\u00e9 funkce, zvy\u0161uj\u00ed \u00fa\u010dinnost a pohodl\u00ed a pom\u00e1haj\u00ed udr\u017eovat zdrav\u00ed vlas\u016f.<\/p>\n\n\n\n<h4 id=\"chcete-si-kouplt-tento-produkt\" class=\"wp-block-heading\"><strong>Chcete si KOUPlT tento produkt?<\/strong><\/h4>\n\n\n\n<p>Pod\u00edvejte se na seznam prodejc\u016f v \u010cesk\u00e9 republice:<br><strong><a href=\"https:\/\/www.alza.cz\/aeno\/v29087.htm\" target=\"_blank\" rel=\"noreferrer noopener\">Alza.cz<\/a><\/strong><br><strong><a href=\"https:\/\/www.planeo.cz\/vyhledavani$a1013-search?fp_producer=644bb7dc7ff932078205f7e4&amp;df_fp_price_MIN=359&amp;df_fp_price_MAX=6999&amp;fp_price_MIN=359&amp;fp_price_MAX=6999&amp;query=AENO&amp;limit=24&amp;sorting=RELEVANCE\" target=\"_blank\" rel=\"noreferrer noopener\">Planeo.cz<\/a><\/strong><\/p>\n","protected":false},"excerpt":{"rendered":"\u201eSkv\u011bl\u00e9 vlasy jsou nejlep\u0161\u00edm dopl\u0148kem, kter\u00fd m\u016f\u017eete nosit.\u201c &#8211; Ken Paves, kade\u0159n\u00edk Mnoho \u017een se jist\u011b shodne na tom, \u017ee bez ohledu na v\u00e1\u0161 dokonal\u00fd outfit nebo bezchybn\u00fd make-up, bez&hellip;\n","protected":false},"author":2,"featured_media":2678,"comment_status":"open","ping_status":"open","sticky":false,"template":"","format":"standard","meta":{"footnotes":""},"categories":[236],"tags":[],"class_list":{"0":"post-3632","1":"post","2":"type-post","3":"status-publish","4":"format-standard","5":"has-post-thumbnail","7":"category-personal-care-cz"},"yoast_head":"<!-- This site is optimized with the Yoast SEO plugin v21.5 - https:\/\/yoast.com\/wordpress\/plugins\/seo\/ -->\n<title>Jak pe\u010dovat o vlasy: trendy v p\u00e9\u010di o vlasy v roce 2025 &#8211; AENO-Blog<\/title>\n<meta name=\"robots\" content=\"index, follow, max-snippet:-1, max-image-preview:large, max-video-preview:-1\" \/>\n<link rel=\"canonical\" href=\"https:\/\/aeno.com\/blog\/cs\/jak-pecovat-o-vlasy-trendy-v-peci-o-vlasy-v-roce-2025\/\" \/>\n<meta property=\"og:locale\" content=\"en_US\" \/>\n<meta property=\"og:type\" content=\"article\" \/>\n<meta property=\"og:title\" content=\"Jak pe\u010dovat o vlasy: trendy v p\u00e9\u010di o vlasy v roce 2025 &#8211; AENO-Blog\" \/>\n<meta property=\"og:description\" content=\"\u201eSkv\u011bl\u00e9 vlasy jsou nejlep\u0161\u00edm dopl\u0148kem, kter\u00fd m\u016f\u017eete nosit.\u201c &#8211; Ken Paves, kade\u0159n\u00edk Mnoho \u017een se jist\u011b shodne na tom, \u017ee bez ohledu na v\u00e1\u0161 dokonal\u00fd outfit nebo bezchybn\u00fd make-up, bez&hellip;\" \/>\n<meta property=\"og:url\" content=\"https:\/\/aeno.com\/blog\/cs\/jak-pecovat-o-vlasy-trendy-v-peci-o-vlasy-v-roce-2025\/\" \/>\n<meta property=\"og:site_name\" content=\"AENO-Blog\" \/>\n<meta property=\"article:published_time\" content=\"2025-04-03T20:53:52+00:00\" \/>\n<meta property=\"article:modified_time\" content=\"2025-04-03T20:54:00+00:00\" \/>\n<meta property=\"og:image\" content=\"https:\/\/aeno.com\/blog\/wp-content\/uploads\/2024\/10\/234-1.png\" \/>\n\t<meta property=\"og:image:width\" content=\"904\" \/>\n\t<meta property=\"og:image:height\" content=\"392\" \/>\n\t<meta property=\"og:image:type\" content=\"image\/png\" \/>\n<meta name=\"author\" content=\"Tatyana Ryzhova\" \/>\n<meta name=\"twitter:card\" content=\"summary_large_image\" \/>\n<meta name=\"twitter:label1\" content=\"Written by\" \/>\n\t<meta name=\"twitter:data1\" content=\"Tatyana Ryzhova\" \/>\n\t<meta name=\"twitter:label2\" content=\"Est. reading time\" \/>\n\t<meta name=\"twitter:data2\" content=\"11 minutes\" \/>\n<script type=\"application\/ld+json\" class=\"yoast-schema-graph\">{\"@context\":\"https:\/\/schema.org\",\"@graph\":[{\"@type\":\"WebPage\",\"@id\":\"https:\/\/aeno.com\/blog\/cs\/jak-pecovat-o-vlasy-trendy-v-peci-o-vlasy-v-roce-2025\/\",\"url\":\"https:\/\/aeno.com\/blog\/cs\/jak-pecovat-o-vlasy-trendy-v-peci-o-vlasy-v-roce-2025\/\",\"name\":\"Jak pe\u010dovat o vlasy: trendy v p\u00e9\u010di o vlasy v roce 2025 &#8211; AENO-Blog\",\"isPartOf\":{\"@id\":\"https:\/\/aeno.com\/blog\/#website\"},\"datePublished\":\"2025-04-03T20:53:52+00:00\",\"dateModified\":\"2025-04-03T20:54:00+00:00\",\"author\":{\"@id\":\"https:\/\/aeno.com\/blog\/#\/schema\/person\/006ce6767834d433094c36f1468af9f8\"},\"breadcrumb\":{\"@id\":\"https:\/\/aeno.com\/blog\/cs\/jak-pecovat-o-vlasy-trendy-v-peci-o-vlasy-v-roce-2025\/#breadcrumb\"},\"inLanguage\":\"en-US\",\"potentialAction\":[{\"@type\":\"ReadAction\",\"target\":[\"https:\/\/aeno.com\/blog\/cs\/jak-pecovat-o-vlasy-trendy-v-peci-o-vlasy-v-roce-2025\/\"]}]},{\"@type\":\"BreadcrumbList\",\"@id\":\"https:\/\/aeno.com\/blog\/cs\/jak-pecovat-o-vlasy-trendy-v-peci-o-vlasy-v-roce-2025\/#breadcrumb\",\"itemListElement\":[{\"@type\":\"ListItem\",\"position\":1,\"name\":\"Startseite\",\"item\":\"https:\/\/aeno.com\/blog\/\"},{\"@type\":\"ListItem\",\"position\":2,\"name\":\"P\u00e9\u010de o t\u011blo\",\"item\":\"https:\/\/aeno.com\/blog\/cs\/category\/personal-care-cz\/\"},{\"@type\":\"ListItem\",\"position\":3,\"name\":\"Jak pe\u010dovat o vlasy: trendy v p\u00e9\u010di o vlasy v roce 2025\"}]},{\"@type\":\"WebSite\",\"@id\":\"https:\/\/aeno.com\/blog\/#website\",\"url\":\"https:\/\/aeno.com\/blog\/\",\"name\":\"AENO-Blog\",\"description\":\"Electrodom\u00e9sticos inteligentes para el hogar\",\"potentialAction\":[{\"@type\":\"SearchAction\",\"target\":{\"@type\":\"EntryPoint\",\"urlTemplate\":\"https:\/\/aeno.com\/blog\/?s={search_term_string}\"},\"query-input\":\"required name=search_term_string\"}],\"inLanguage\":\"en-US\"},{\"@type\":\"Person\",\"@id\":\"https:\/\/aeno.com\/blog\/#\/schema\/person\/006ce6767834d433094c36f1468af9f8\",\"name\":\"Tatyana Ryzhova\",\"image\":{\"@type\":\"ImageObject\",\"inLanguage\":\"en-US\",\"@id\":\"https:\/\/aeno.com\/blog\/#\/schema\/person\/image\/\",\"url\":\"https:\/\/secure.gravatar.com\/avatar\/2697141385f10bc75e3a03cd3b7f5ad6685361d078234aecd12d7e81767e8b96?s=96&d=mm&r=g\",\"contentUrl\":\"https:\/\/secure.gravatar.com\/avatar\/2697141385f10bc75e3a03cd3b7f5ad6685361d078234aecd12d7e81767e8b96?s=96&d=mm&r=g\",\"caption\":\"Tatyana Ryzhova\"},\"sameAs\":[\"https:\/\/aeno.com\"]}]}<\/script>\n<!-- \/ Yoast SEO plugin. -->","yoast_head_json":{"title":"Jak pe\u010dovat o vlasy: trendy v p\u00e9\u010di o vlasy v roce 2025 &#8211; AENO-Blog","robots":{"index":"index","follow":"follow","max-snippet":"max-snippet:-1","max-image-preview":"max-image-preview:large","max-video-preview":"max-video-preview:-1"},"canonical":"https:\/\/aeno.com\/blog\/cs\/jak-pecovat-o-vlasy-trendy-v-peci-o-vlasy-v-roce-2025\/","og_locale":"en_US","og_type":"article","og_title":"Jak pe\u010dovat o vlasy: trendy v p\u00e9\u010di o vlasy v roce 2025 &#8211; AENO-Blog","og_description":"\u201eSkv\u011bl\u00e9 vlasy jsou nejlep\u0161\u00edm dopl\u0148kem, kter\u00fd m\u016f\u017eete nosit.\u201c &#8211; Ken Paves, kade\u0159n\u00edk Mnoho \u017een se jist\u011b shodne na tom, \u017ee bez ohledu na v\u00e1\u0161 dokonal\u00fd outfit nebo bezchybn\u00fd make-up, bez&hellip;","og_url":"https:\/\/aeno.com\/blog\/cs\/jak-pecovat-o-vlasy-trendy-v-peci-o-vlasy-v-roce-2025\/","og_site_name":"AENO-Blog","article_published_time":"2025-04-03T20:53:52+00:00","article_modified_time":"2025-04-03T20:54:00+00:00","og_image":[{"width":904,"height":392,"url":"https:\/\/aeno.com\/blog\/wp-content\/uploads\/2024\/10\/234-1.png","type":"image\/png"}],"author":"Tatyana Ryzhova","twitter_card":"summary_large_image","twitter_misc":{"Written by":"Tatyana Ryzhova","Est. reading time":"11 minutes"},"schema":{"@context":"https:\/\/schema.org","@graph":[{"@type":"WebPage","@id":"https:\/\/aeno.com\/blog\/cs\/jak-pecovat-o-vlasy-trendy-v-peci-o-vlasy-v-roce-2025\/","url":"https:\/\/aeno.com\/blog\/cs\/jak-pecovat-o-vlasy-trendy-v-peci-o-vlasy-v-roce-2025\/","name":"Jak pe\u010dovat o vlasy: trendy v p\u00e9\u010di o vlasy v roce 2025 &#8211; AENO-Blog","isPartOf":{"@id":"https:\/\/aeno.com\/blog\/#website"},"datePublished":"2025-04-03T20:53:52+00:00","dateModified":"2025-04-03T20:54:00+00:00","author":{"@id":"https:\/\/aeno.com\/blog\/#\/schema\/person\/006ce6767834d433094c36f1468af9f8"},"breadcrumb":{"@id":"https:\/\/aeno.com\/blog\/cs\/jak-pecovat-o-vlasy-trendy-v-peci-o-vlasy-v-roce-2025\/#breadcrumb"},"inLanguage":"en-US","potentialAction":[{"@type":"ReadAction","target":["https:\/\/aeno.com\/blog\/cs\/jak-pecovat-o-vlasy-trendy-v-peci-o-vlasy-v-roce-2025\/"]}]},{"@type":"BreadcrumbList","@id":"https:\/\/aeno.com\/blog\/cs\/jak-pecovat-o-vlasy-trendy-v-peci-o-vlasy-v-roce-2025\/#breadcrumb","itemListElement":[{"@type":"ListItem","position":1,"name":"Startseite","item":"https:\/\/aeno.com\/blog\/"},{"@type":"ListItem","position":2,"name":"P\u00e9\u010de o t\u011blo","item":"https:\/\/aeno.com\/blog\/cs\/category\/personal-care-cz\/"},{"@type":"ListItem","position":3,"name":"Jak pe\u010dovat o vlasy: trendy v p\u00e9\u010di o vlasy v roce 2025"}]},{"@type":"WebSite","@id":"https:\/\/aeno.com\/blog\/#website","url":"https:\/\/aeno.com\/blog\/","name":"AENO-Blog","description":"Electrodom\u00e9sticos inteligentes para el hogar","potentialAction":[{"@type":"SearchAction","target":{"@type":"EntryPoint","urlTemplate":"https:\/\/aeno.com\/blog\/?s={search_term_string}"},"query-input":"required name=search_term_string"}],"inLanguage":"en-US"},{"@type":"Person","@id":"https:\/\/aeno.com\/blog\/#\/schema\/person\/006ce6767834d433094c36f1468af9f8","name":"Tatyana Ryzhova","image":{"@type":"ImageObject","inLanguage":"en-US","@id":"https:\/\/aeno.com\/blog\/#\/schema\/person\/image\/","url":"https:\/\/secure.gravatar.com\/avatar\/2697141385f10bc75e3a03cd3b7f5ad6685361d078234aecd12d7e81767e8b96?s=96&d=mm&r=g","contentUrl":"https:\/\/secure.gravatar.com\/avatar\/2697141385f10bc75e3a03cd3b7f5ad6685361d078234aecd12d7e81767e8b96?s=96&d=mm&r=g","caption":"Tatyana Ryzhova"},"sameAs":["https:\/\/aeno.com"]}]}},"_links":{"self":[{"href":"https:\/\/aeno.com\/blog\/wp-json\/wp\/v2\/posts\/3632","targetHints":{"allow":["GET"]}}],"collection":[{"href":"https:\/\/aeno.com\/blog\/wp-json\/wp\/v2\/posts"}],"about":[{"href":"https:\/\/aeno.com\/blog\/wp-json\/wp\/v2\/types\/post"}],"author":[{"embeddable":true,"href":"https:\/\/aeno.com\/blog\/wp-json\/wp\/v2\/users\/2"}],"replies":[{"embeddable":true,"href":"https:\/\/aeno.com\/blog\/wp-json\/wp\/v2\/comments?post=3632"}],"version-history":[{"count":1,"href":"https:\/\/aeno.com\/blog\/wp-json\/wp\/v2\/posts\/3632\/revisions"}],"predecessor-version":[{"id":3633,"href":"https:\/\/aeno.com\/blog\/wp-json\/wp\/v2\/posts\/3632\/revisions\/3633"}],"wp:featuredmedia":[{"embeddable":true,"href":"https:\/\/aeno.com\/blog\/wp-json\/wp\/v2\/media\/2678"}],"wp:attachment":[{"href":"https:\/\/aeno.com\/blog\/wp-json\/wp\/v2\/media?parent=3632"}],"wp:term":[{"taxonomy":"category","embeddable":true,"href":"https:\/\/aeno.com\/blog\/wp-json\/wp\/v2\/categories?post=3632"},{"taxonomy":"post_tag","embeddable":true,"href":"https:\/\/aeno.com\/blog\/wp-json\/wp\/v2\/tags?post=3632"}],"curies":[{"name":"wp","href":"https:\/\/api.w.org\/{rel}","templated":true}]}}